[{"@context":"https:\/\/schema.org\/","@type":"Article","@id":"https:\/\/www.malbek.sk\/zachovajme-si-svoju-planetu-zem-nenicme-prirodu-mame-ju-len-jednu\/#Article","mainEntityOfPage":"https:\/\/www.malbek.sk\/zachovajme-si-svoju-planetu-zem-nenicme-prirodu-mame-ju-len-jednu\/","headline":"Zachovajme si svoju plan\u00e9tu zem neni\u010dme pr\u00edrodu m\u00e1m\u00e9 ju len jednu","name":"Zachovajme si svoju plan\u00e9tu zem neni\u010dme pr\u00edrodu m\u00e1m\u00e9 ju len jednu","description":"M\u00e1me tu trochu rozsiahlu t\u00e9mu ako veda o ktorej sa d\u00e1 p\u00edsa\u0165 \u010doko\u013evek\u00a0hocijak\u00e1 t\u00e9ma \u010di napr\u00edklad o po\u010das\u00ed ,vesm\u00edre a &hellip; ","datePublished":"2023-03-18","dateModified":"2024-02-20","author":{"@type":"Person","@id":"https:\/\/www.malbek.sk\/author\/#Person","name":"","url":"https:\/\/www.malbek.sk\/author\/","identifier":1,"image":{"@type":"ImageObject","@id":"https:\/\/secure.gravatar.com\/avatar\/40b5f3ce562f556955b189273c919e65fd2efecc17411a60d9172af88d0e5d58?s=96&d=mm&r=g","url":"https:\/\/secure.gravatar.com\/avatar\/40b5f3ce562f556955b189273c919e65fd2efecc17411a60d9172af88d0e5d58?s=96&d=mm&r=g","height":96,"width":96}},"publisher":{"@type":"Organization","name":"malbek.sk","logo":{"@type":"ImageObject","@id":"\/logo.png","url":"\/logo.png","width":600,"height":60}},"image":{"@type":"ImageObject","@id":"https:\/\/www.malbek.sk\/wp-content\/uploads\/cottage-8153413_640_1.jpg","url":"https:\/\/www.malbek.sk\/wp-content\/uploads\/cottage-8153413_640_1.jpg","height":0,"width":0},"url":"https:\/\/www.malbek.sk\/zachovajme-si-svoju-planetu-zem-nenicme-prirodu-mame-ju-len-jednu\/","about":["Veda"],"wordCount":469,"articleBody":"\tM\u00e1me tu trochu rozsiahlu t\u00e9mu ako veda o ktorej sa d\u00e1 p\u00edsa\u0165 \u010doko\u013evek\u00a0hocijak\u00e1 t\u00e9ma \u010di napr\u00edklad o po\u010das\u00ed ,vesm\u00edre a kopu in\u00e9ho. Vesm\u00edr ako tak\u00fd je neskuto\u010dne kr\u00e1sny ale aj z\u00e1hadn\u00fd je s\u00edce presk\u00faman\u00fd vecami ale aj tak neviem st\u00e1le o \u0148om v\u0161etko pre\u010d\u00edtala som mnoho kn\u00edh o vesm\u00edre ale najviac ma zaujala encyklop\u00e9dia ktor\u00e1 nesie n\u00e1zov Bang \u010di\u017ee tresk v tej knihe opisuje autor Brian May astron\u00f3mov ako je napr\u00edklad v\u00fdznamn\u00fd brit Fred hole, Thomas Goldon a \u010fal\u0161\u00ed zasv\u00e4tili svoj \u017eivot neust\u00e1lemu b\u00e1daniu vesm\u00edru. \u010co sa t\u00fdka vesm\u00edru pozn\u00e1me plan\u00e9ty ako Mars, Venu\u0161a, Nept\u00fa, Pluto ktor\u00e1 je najmen\u0161ia\u00a0\u010falej Sat\u00far, Jupiter a na\u0161a Zem.\t\tTento rok m\u00f4\u017eeme vidie\u0165 na oblohe od j\u00fala aj teraz v auguste cez \u010falekoh\u013ead plan\u00e9tu Saturn ale aj Jupiter. Tak\u00e9to \u00fakazy sa na oblohe objavuj\u00fa raz za nieko\u013eko rokov moja gener\u00e1cia takmer m\u00e1me p\u00e4\u0165desiat rokov sa toho u\u017e nedo\u017eijeme .Chodievame pozorova\u0165 tak\u00e9to \u00fakazy ja aj mamka aj ke\u010f padaj\u00fa hviezdy takzvan\u00e9 Perzeidy. Ke\u010f tak zamysl\u00edme ak\u00e1 je ta nebovo modr\u00e1 obloha kr\u00e1sna a slne\u010dn\u00e9 l\u00fa\u010de n\u00e1s zohrievaj\u00fa ale polo\u017eme si ot\u00e1zku dokedy v poslednej dobe sa ve\u013ea p\u00ed\u0161e, hovor\u00ed o tzv. erupcii slnka \u017ee nastane slne\u010dn\u00e1 b\u00farka \u017ee prestane v\u0161etko fungova\u0165 m\u00e1m na mysli elektroniku ,internet a pod. Tak ako sa sna\u017e\u00edme chr\u00e1ni\u0165 pr\u00edrodu tak by sme mali chr\u00e1ni\u0165 aj vesm\u00edr a nie vyp\u00fa\u0161\u0165a to\u013eko \u0161kodliv\u00fdch exhal\u00e1ty. Ve\u013ek\u00e9 mno\u017estv\u00e1 lietadiel ,\u00e1ut aj fabr\u00edk takzvan\u00e9 sklen\u00edkov\u00e9 v\u00fdpary. V\u0161etko to m\u00e1 dopady na kl\u00edmu zato sa ka\u017ed\u00fdm rokom viac a viac zem otep\u013euje. A t\u00fdm postupne vznikla tzv. oz\u00f3nov\u00e1 diera. \t\tA \u010fal\u0161ia vec je \u017ee sa robia sam\u00e9 puksy vyp\u00fa\u0161\u0165aj\u00fa sa rakety aj na niektor\u00fdch oblastiach sa sk\u00fa\u0161aj\u00fa at\u00f3mov\u00e9 zbrane. Vesm\u00edr by sa ni\u010di\u0165 nemal lebo pr\u00edroda m\u00e1 ve\u013ek\u00fa moc. Mysl\u00edte si pre\u010do sa rob\u00ed to \u010do sa rob\u00ed takzvan\u00e9 pr\u00edrodn\u00e9 katastrofy za to v\u0161etko m\u00f4\u017eeme my \u013eudia lebo nar\u00fa\u0161ame pokoj pr\u00edrody. Viem samozrejme \u017ee technol\u00f3gia sa vyv\u00edja aj evol\u00facia \u017ee ni\u010d neost\u00e1va zastaral\u00e9 ale mali by sme si uv\u00e1\u017ei\u0165 \u017ee keby nebolo pr\u00edrody nemohla by by\u0165 na zemi ani \u010dlovie\u010dika v\u0161etko z\u00e1vis\u00ed od n\u00e1s ako sa budeme spr\u00e1va\u0165. Majme nie l\u00e1sku len ku sebe ale aj k pr\u00edrode ako takej.                                                                                                                                                                                                                                                                                                                                                                                        4.7\/5 - (10 votes)        "},{"@context":"https:\/\/schema.org\/","@type":"BreadcrumbList","itemListElement":[{"@type":"ListItem","position":1,"name":"Zachovajme si svoju plan\u00e9tu zem neni\u010dme pr\u00edrodu m\u00e1m\u00e9 ju len jednu","item":"https:\/\/www.malbek.sk\/zachovajme-si-svoju-planetu-zem-nenicme-prirodu-mame-ju-len-jednu\/#breadcrumbitem"}]}]