[{"@context":"https:\/\/schema.org\/","@type":"Article","@id":"https:\/\/www.malbek.sk\/reagujem-na-clanok-co-sa-tyka-seniorov-moja-rec-nemaju-co-jazdit\/#Article","mainEntityOfPage":"https:\/\/www.malbek.sk\/reagujem-na-clanok-co-sa-tyka-seniorov-moja-rec-nemaju-co-jazdit\/","headline":"Reagujem na \u010dl\u00e1nok \u010do sa t\u00fdka seniorov moja re\u010d nemaj\u00fa \u010do jazdi\u0165","name":"Reagujem na \u010dl\u00e1nok \u010do sa t\u00fdka seniorov moja re\u010d nemaj\u00fa \u010do jazdi\u0165","description":"Ako \u017ee za\u010da\u0165 tento \u010dl\u00e1nok o aut\u00e1ch\u00a0\u00a0neviem \u010di ste postrehli \u010do zase na\u0161i p\u00e1ni poslanci za\u010dali vym\u00fd\u0161\u013ea\u0165\u00a0\u017ee tzv. seniori vodi\u010di &hellip; ","datePublished":"2023-03-13","dateModified":"2023-03-13","author":{"@type":"Person","@id":"https:\/\/www.malbek.sk\/author\/#Person","name":"","url":"https:\/\/www.malbek.sk\/author\/","identifier":1,"image":{"@type":"ImageObject","@id":"https:\/\/secure.gravatar.com\/avatar\/40b5f3ce562f556955b189273c919e65fd2efecc17411a60d9172af88d0e5d58?s=96&d=mm&r=g","url":"https:\/\/secure.gravatar.com\/avatar\/40b5f3ce562f556955b189273c919e65fd2efecc17411a60d9172af88d0e5d58?s=96&d=mm&r=g","height":96,"width":96}},"publisher":{"@type":"Organization","name":"malbek.sk","logo":{"@type":"ImageObject","@id":"\/logo.png","url":"\/logo.png","width":600,"height":60}},"image":{"@type":"ImageObject","@id":"https:\/\/www.malbek.sk\/wp-content\/uploads\/68cowr4fmx0e_1.jpg","url":"https:\/\/www.malbek.sk\/wp-content\/uploads\/68cowr4fmx0e_1.jpg","height":0,"width":0},"url":"https:\/\/www.malbek.sk\/reagujem-na-clanok-co-sa-tyka-seniorov-moja-rec-nemaju-co-jazdit\/","about":["Auto moto"],"wordCount":494,"articleBody":"Ako \u017ee za\u010da\u0165 tento \u010dl\u00e1nok o aut\u00e1ch\u00a0\u00a0neviem \u010di ste postrehli \u010do zase na\u0161i p\u00e1ni poslanci za\u010dali vym\u00fd\u0161\u013ea\u0165\u00a0\u017ee tzv. seniori vodi\u010di bud\u00fa musie\u0165 obeha\u0165 kopu lek\u00e1rov aby si vybavili preukaz sp\u00f4sobilosti po jednej str\u00e1nke maj\u00fa pravdu no hrozn\u00e1 byrokracia. Mysl\u00edm\u00a0si \u017ee rad\u0161ej podaktor\u00ed star\u00fd \u013eudia \u0161of\u00e9ri ani nebud\u00fa jazdi\u0165. V na\u0161om malom \u0161t\u00e1te sa rie\u0161ia tot\u00e1lne nezmysli nie chudoba na ktor\u00fa na\u0161i p\u00e1ni \u00a0ka\u0161l\u00fa. Teraz tesne pred vo\u013ebami ak\u00e9 reklamy si robia v\u0161ade tie ich \u00fasmevy a\u017e mi je do pla\u010du. Ke\u010f si ho nad 60 rokov nevybavia preukaz dostan\u00fa\u00a0pokutu a zober\u00fa im vodi\u010dsk\u00fd preukaz ja by som to tak zriadila \u017ee by sa malo \u0161of\u00e9rova\u0165 maxim\u00e1lne do 60 rokov vo v\u00fdnimo\u010dn\u00fdch pr\u00edpadoch pred\u013a\u017eenie platnosti vodi\u010dsk\u00e9ho preukazu. \u013du\u010fom to pripad\u00e1 ako koc\u00farkovo tento \u0161t\u00e1t to u\u017e naozaj nem\u00e1 konca kraja. Aj v\u010dera ve\u010der bola volebn\u00e1 diskusn\u00e1 rel\u00e1cia dve hodiny Bo\u017ee tie ich s\u013euby hotov\u00e1 s\u013eubuj\u00fa\u00a0pred vo\u013ebami ka\u017ed\u00fd a potom to ist\u00e9 \u010do doposia\u013e. Ako ja vym\u00fd\u0161\u013eaj\u00fa tie elektromobil\u00a0to je tak jedine pre nich \u010do si ony myslia \u017ee oby\u010dajn\u00fd \u010dlovek m\u00e1 nato. Oby\u010dajn\u00fd \u013eudia nekradn\u00fa a nemaj\u00fa domy, vily na Kan\u00e1rskych ostrovoch a minim\u00e1lne 5 \u00e1ut nech\u00e1pem na\u010do im je to takto ni\u010dia okr\u00e1daj\u00fa na\u0161u \u0161t\u00e1tnu kasu \u017ee sme zadl\u017een\u00fd\u00a0a\u017e po u\u0161i toto nedaj\u00fa do poriadku ani det\u00ed na\u0161ich det\u00ed ani \u010fal\u0161ie\u00a0a \u010fal\u0161ie\u00a0gener\u00e1cie. Niekedy si pripad\u00e1me ako \u00a0na Ukrajine alebo v Gr\u00e9cku aj to je tak na tom ako Slovensko m\u00e1 dl\u017eoby. My chudobn\u00e1 krajina ka\u017ed\u00e9mu\u00a0ideme pom\u00e1ha\u0165 a n\u00e1m kto pom\u00f4\u017ee ve\u010f r\u00fatime do z\u00e1huby st\u00e1le hor\u0161ie a\u00a0hor\u0161ie. \u010co sa t\u00fdka ciest aj parkovania je to tie\u017e desiv\u00e1 skuto\u010dnos\u0165. Potom sa niet\u00a0\u010do \u010dudova\u0165 \u017ee s\u00fa sam\u00e9 hav\u00e1rie pozab\u00edjaj\u00fa chodcov na prechode ako keby boli slep\u00ed a \u010fal\u0161ia vec sa pozab\u00edjaj\u00fa sa hocikomu daj\u00fa vodi\u010dsk\u00e9 preukazy to by sa malo rie\u0161i\u0165 nie blbosti chor\u00fd cel\u00fd syst\u00e9m. Ale my oby\u010dajn\u00fd \u013eudia to nedorie\u0161ime s\u00edce by sme mohli spoji\u0165 hlavy dokopy. U som takmer na konci \u010dl\u00e1nku ale o tejto problematike by sa dalo p\u00edsa\u0165 cel\u00e9 hodiny. Minule je tomu zruba dva t\u00fd\u017edne bola tu hav\u00e1ria dobre \u017ee nikoho nezabil i\u0161iel od Belad\u00edc a v\u00fdlet vy\u0161e 100 km za hodinu na susedn\u00fa\u00a0br\u00e1nu cel\u00fd bok zrovnal ako keby kosil. Cel\u00e9 auto si roztrieskal ale hlavn\u00e9 \u017ee\u00a0sa mu ni\u010d v\u00e1\u017ene nestalo zobrali mu vodi\u010dsk\u00fd preukaz a vy\u0161etruj\u00fa ho na slobode. Rie\u0161 ot\u00e1zku\u00a0jazdy! Neubl\u00ed\u017e druh\u00e9mu ani sebe.                                                                                                                                                                                                                                                                                                                                                                                        4\/5 - (4 votes)        "},{"@context":"https:\/\/schema.org\/","@type":"BreadcrumbList","itemListElement":[{"@type":"ListItem","position":1,"name":"Reagujem na \u010dl\u00e1nok \u010do sa t\u00fdka seniorov moja re\u010d nemaj\u00fa \u010do jazdi\u0165","item":"https:\/\/www.malbek.sk\/reagujem-na-clanok-co-sa-tyka-seniorov-moja-rec-nemaju-co-jazdit\/#breadcrumbitem"}]}]