{"@context":"https:\/\/schema.org\/","@type":"CollectionPage","@id":"https:\/\/www.malbek.sk\/auto-moto\/#CollectionPage","headline":"Auto moto Category","description":"","url":"https:\/\/www.malbek.sk\/auto-moto\/","hasPart":[{"@type":"Article","@id":"https:\/\/www.malbek.sk\/detske-automobily\/","headline":"Detsk\u00e9 automobily","url":"https:\/\/www.malbek.sk\/detske-automobily\/","datePublished":"2024-06-17","dateModified":"2024-06-17","mainEntityOfPage":"https:\/\/www.malbek.sk\/detske-automobily\/","author":{"@type":"Person","@id":"https:\/\/www.malbek.sk\/author\/#Person","name":"","url":"https:\/\/www.malbek.sk\/author\/","identifier":1,"image":{"@type":"ImageObject","@id":"https:\/\/secure.gravatar.com\/avatar\/40b5f3ce562f556955b189273c919e65fd2efecc17411a60d9172af88d0e5d58?s=96&d=mm&r=g","url":"https:\/\/secure.gravatar.com\/avatar\/40b5f3ce562f556955b189273c919e65fd2efecc17411a60d9172af88d0e5d58?s=96&d=mm&r=g","height":96,"width":96}},"publisher":{"@type":"Organization","name":"malbek.sk","logo":{"@type":"ImageObject","@id":"\/logo.png","url":"\/logo.png","width":600,"height":60}},"image":{"@type":"ImageObject","@id":"https:\/\/www.malbek.sk\/wp-content\/uploads\/toy-1514273_640.jpg","url":"https:\/\/www.malbek.sk\/wp-content\/uploads\/toy-1514273_640.jpg","height":0,"width":0},"keywords":null},{"@type":"Article","@id":"https:\/\/www.malbek.sk\/bezohladni-soferi\/","headline":"Bezoh\u013eadn\u00ed \u0161of\u00e9ri","url":"https:\/\/www.malbek.sk\/bezohladni-soferi\/","datePublished":"2023-09-16","dateModified":"2024-07-16","mainEntityOfPage":"https:\/\/www.malbek.sk\/bezohladni-soferi\/","author":{"@type":"Person","@id":"https:\/\/www.malbek.sk\/author\/#Person","name":"","url":"https:\/\/www.malbek.sk\/author\/","identifier":1,"image":{"@type":"ImageObject","@id":"https:\/\/secure.gravatar.com\/avatar\/40b5f3ce562f556955b189273c919e65fd2efecc17411a60d9172af88d0e5d58?s=96&d=mm&r=g","url":"https:\/\/secure.gravatar.com\/avatar\/40b5f3ce562f556955b189273c919e65fd2efecc17411a60d9172af88d0e5d58?s=96&d=mm&r=g","height":96,"width":96}},"publisher":{"@type":"Organization","name":"malbek.sk","logo":{"@type":"ImageObject","@id":"\/logo.png","url":"\/logo.png","width":600,"height":60}},"image":{"@type":"ImageObject","@id":"https:\/\/www.malbek.sk\/wp-content\/uploads\/car-smart-eq-fortwo-3325804_640.jpg","url":"https:\/\/www.malbek.sk\/wp-content\/uploads\/car-smart-eq-fortwo-3325804_640.jpg","height":0,"width":0},"keywords":null},{"@type":"Article","@id":"https:\/\/www.malbek.sk\/ach-boze-co-je-to-za-system-ktory-tu-vladne\/","headline":"Ach bo\u017ee \u010do je to za syst\u00e9m ktor\u00fd tu vl\u00e1dne","url":"https:\/\/www.malbek.sk\/ach-boze-co-je-to-za-system-ktory-tu-vladne\/","datePublished":"2023-03-23","dateModified":"2024-02-20","mainEntityOfPage":"https:\/\/www.malbek.sk\/ach-boze-co-je-to-za-system-ktory-tu-vladne\/","author":{"@type":"Person","@id":"https:\/\/www.malbek.sk\/author\/#Person","name":"","url":"https:\/\/www.malbek.sk\/author\/","identifier":1,"image":{"@type":"ImageObject","@id":"https:\/\/secure.gravatar.com\/avatar\/40b5f3ce562f556955b189273c919e65fd2efecc17411a60d9172af88d0e5d58?s=96&d=mm&r=g","url":"https:\/\/secure.gravatar.com\/avatar\/40b5f3ce562f556955b189273c919e65fd2efecc17411a60d9172af88d0e5d58?s=96&d=mm&r=g","height":96,"width":96}},"publisher":{"@type":"Organization","name":"malbek.sk","logo":{"@type":"ImageObject","@id":"\/logo.png","url":"\/logo.png","width":600,"height":60}},"image":{"@type":"ImageObject","@id":"https:\/\/www.malbek.sk\/wp-content\/uploads\/car-accident-geb60ae2a5_1280_3.jpeg","url":"https:\/\/www.malbek.sk\/wp-content\/uploads\/car-accident-geb60ae2a5_1280_3.jpeg","height":0,"width":0},"keywords":null},{"@type":"Article","@id":"https:\/\/www.malbek.sk\/reagujem-na-clanok-co-sa-tyka-seniorov-moja-rec-nemaju-co-jazdit\/","headline":"Reagujem na \u010dl\u00e1nok \u010do sa t\u00fdka seniorov moja re\u010d nemaj\u00fa \u010do jazdi\u0165","url":"https:\/\/www.malbek.sk\/reagujem-na-clanok-co-sa-tyka-seniorov-moja-rec-nemaju-co-jazdit\/","datePublished":"2023-03-13","dateModified":"2023-03-13","mainEntityOfPage":"https:\/\/www.malbek.sk\/reagujem-na-clanok-co-sa-tyka-seniorov-moja-rec-nemaju-co-jazdit\/","author":{"@type":"Person","@id":"https:\/\/www.malbek.sk\/author\/#Person","name":"","url":"https:\/\/www.malbek.sk\/author\/","identifier":1,"image":{"@type":"ImageObject","@id":"https:\/\/secure.gravatar.com\/avatar\/40b5f3ce562f556955b189273c919e65fd2efecc17411a60d9172af88d0e5d58?s=96&d=mm&r=g","url":"https:\/\/secure.gravatar.com\/avatar\/40b5f3ce562f556955b189273c919e65fd2efecc17411a60d9172af88d0e5d58?s=96&d=mm&r=g","height":96,"width":96}},"publisher":{"@type":"Organization","name":"malbek.sk","logo":{"@type":"ImageObject","@id":"\/logo.png","url":"\/logo.png","width":600,"height":60}},"image":{"@type":"ImageObject","@id":"https:\/\/www.malbek.sk\/wp-content\/uploads\/68cowr4fmx0e_1.jpg","url":"https:\/\/www.malbek.sk\/wp-content\/uploads\/68cowr4fmx0e_1.jpg","height":0,"width":0},"keywords":null},{"@type":"Article","@id":"https:\/\/www.malbek.sk\/oblubene-suv-na-jazdu-v-meste\/","headline":"Ob\u013e\u00faben\u00e9 SUV na jazdu v meste.","url":"https:\/\/www.malbek.sk\/oblubene-suv-na-jazdu-v-meste\/","datePublished":"2021-11-21","dateModified":"2021-11-21","mainEntityOfPage":"https:\/\/www.malbek.sk\/oblubene-suv-na-jazdu-v-meste\/","author":{"@type":"Person","@id":"https:\/\/www.malbek.sk\/author\/#Person","name":"","url":"https:\/\/www.malbek.sk\/author\/","identifier":1,"image":{"@type":"ImageObject","@id":"https:\/\/secure.gravatar.com\/avatar\/40b5f3ce562f556955b189273c919e65fd2efecc17411a60d9172af88d0e5d58?s=96&d=mm&r=g","url":"https:\/\/secure.gravatar.com\/avatar\/40b5f3ce562f556955b189273c919e65fd2efecc17411a60d9172af88d0e5d58?s=96&d=mm&r=g","height":96,"width":96}},"publisher":{"@type":"Organization","name":"malbek.sk","logo":{"@type":"ImageObject","@id":"\/logo.png","url":"\/logo.png","width":600,"height":60}},"image":{"@type":"ImageObject","@id":"https:\/\/www.malbek.sk\/wp-content\/uploads\/automobil%20SUV.jpg","url":"https:\/\/www.malbek.sk\/wp-content\/uploads\/automobil%20SUV.jpg","height":0,"width":0},"keywords":null}]}